{"tema_id":"21","string":"Palestras de sensibiliza\u00e7\u00e3o","created":"2026-08-28 11:46:40","code":"http:\/\/example.org\/glossario-inclusivo\/palestras-de-sensibilizacao","notes":[{"@type":"Nota de escopo","@lang":"pt-BR","@value":"t\u00eam por objetivo introduzir conceitos e temas relacionados \u00e0 pessoa com defici\u00eancia e desmistificar alguns preconceitos envolvendo esse p\u00fablico, orientando como lidar com cada tipo de defici\u00eancia. "}]}