{"tema_id":"23","string":"Defici\u00eancia intelectual","created":"2026-08-28 11:46:40","code":"http:\/\/example.org\/glossario-inclusivo\/deficiencia-intelectual","notes":[{"@type":"Nota de escopo","@lang":"pt-BR","@value":"caracterizada por problemas que ocorrem no c\u00e9rebro causando algumas dificuldades na aprendizagem, na capacidade de pensar abstratamente e na adapta\u00e7\u00e3o a novas situa\u00e7\u00f5es. "}]}