{"tema_id":"49","string":"Inclus\u00e3o profissional","created":"2026-08-28 11:46:40","code":"http:\/\/example.org\/glossario-inclusivo\/inclusao-profissional","notes":[{"@type":"Nota de escopo","@lang":"pt-BR","@value":"processo de inser\u00e7\u00e3o no mercado de trabalho de cidad\u00e3os que se encontram dele exclu\u00eddos. No caso de pessoas com defici\u00eancia, a inclus\u00e3o diz respeito, al\u00e9m de sua contrata\u00e7\u00e3o, ao oferecimento de oportunidades de desenvolvimento e progresso na institui\u00e7\u00e3o. "}]}