{"tema_id":"66","string":"Defici\u00eancia m\u00faltipla","created":"2026-08-28 11:46:40","code":"http:\/\/example.org\/glossario-inclusivo\/deficiencia-multipla","notes":[{"@type":"Nota de escopo","@lang":"pt-BR","@value":"\u00e9 a associa\u00e7\u00e3o no mesmo indiv\u00edduo, de duas ou mais defici\u00eancias prim\u00e1rias (intelectual, visual, auditiva e f\u00edsica), com comprometimento que acarretam consequ\u00eancias no seu desenvolvimento global e na sua capacidade adaptativa. "}]}