{"tema_id":"82","string":"Defici\u00eancia auditiva","created":"2026-08-28 11:46:40","code":"http:\/\/example.org\/glossario-inclusivo\/deficiencia-auditiva","notes":[{"@type":"Nota de escopo","@lang":"pt-BR","@value":"pode se manifestar em qualquer idade, estando relacionada a fatores de natureza de m\u00e1 forma\u00e7\u00e3o ou altera\u00e7\u00f5es morfol\u00f3gicas. Pode ainda ser decorrente de altera\u00e7\u00f5es que se manifestam no nascimento ou provocada por doen\u00e7as ou acidentes. "}]}