{"@context":{"dc":"http:\/\/purl.org\/dc\/elements\/1.1\/","skos":"http:\/\/www.w3.org\/2004\/02\/skos\/core#","skos:broader":{"@type":"@id"},"skos:inScheme":{"@type":"@id"},"skos:related":{"@type":"@id"},"skos:narrower":{"@type":"@id"},"skos:hasTopConcept":{"@type":"@id"},"skos:topConceptOf":{"@type":"@id"}},"@id":"https:\/\/tematres.rodor.eti.br\/vocab\/skos\/18","@type":"skos:Concept","skos:prefLabel":{"@language":"pt-BR","@value=":"Defici\u00eancia psicossocial"},"skos:inScheme":"https:\/\/tematres.rodor.eti.br\/vocab\/","dct:created":"2026-08-28 11:46:40","skos:scopeNote":[{"@lang":"pt-BR","@value":"\u00e9 aquela oriunda de um transtorno mental grave e incur\u00e1vel, no qual a pessoa se encontra em est\u00e1gio\/fase cr\u00f4nica. Os transtornos mentais mais comuns capazes de gerar defici\u00eancia psicossocial s\u00e3o os quadros psic\u00f3ticos (o que inclui a esquizofrenia). "}]}