{"@context":{"dc":"http:\/\/purl.org\/dc\/elements\/1.1\/","skos":"http:\/\/www.w3.org\/2004\/02\/skos\/core#","skos:broader":{"@type":"@id"},"skos:inScheme":{"@type":"@id"},"skos:related":{"@type":"@id"},"skos:narrower":{"@type":"@id"},"skos:hasTopConcept":{"@type":"@id"},"skos:topConceptOf":{"@type":"@id"}},"@id":"https:\/\/tematres.rodor.eti.br\/vocab\/skos\/19","@type":"skos:Concept","skos:prefLabel":{"@language":"pt-BR","@value=":"Defici\u00eancia"},"skos:inScheme":"https:\/\/tematres.rodor.eti.br\/vocab\/","dct:created":"2026-08-28 11:46:40","skos:scopeNote":[{"@lang":"pt-BR","@value":"Conceito organizador introduzido para a demonstra\u00e7\u00e3o e sujeito \u00e0 valida\u00e7\u00e3o terminol\u00f3gica. "}],"skos:narrower":["https:\/\/tematres.rodor.eti.br\/vocab\/skos\/82","https:\/\/tematres.rodor.eti.br\/vocab\/skos\/58","https:\/\/tematres.rodor.eti.br\/vocab\/skos\/23","https:\/\/tematres.rodor.eti.br\/vocab\/skos\/66","https:\/\/tematres.rodor.eti.br\/vocab\/skos\/43"]}