{"@context":{"dc":"http:\/\/purl.org\/dc\/elements\/1.1\/","skos":"http:\/\/www.w3.org\/2004\/02\/skos\/core#","skos:broader":{"@type":"@id"},"skos:inScheme":{"@type":"@id"},"skos:related":{"@type":"@id"},"skos:narrower":{"@type":"@id"},"skos:hasTopConcept":{"@type":"@id"},"skos:topConceptOf":{"@type":"@id"}},"@id":"https:\/\/tematres.rodor.eti.br\/vocab\/skos\/30","@type":"skos:Concept","skos:prefLabel":{"@language":"pt-BR","@value=":"Acessibilidade"},"skos:inScheme":"https:\/\/tematres.rodor.eti.br\/vocab\/","dct:created":"2026-08-28 11:46:40","skos:scopeNote":[{"@lang":"pt-BR","@value":"condi\u00e7\u00e3o para utiliza\u00e7\u00e3o com seguran\u00e7a e autonomia, total ou assistida, dos espa\u00e7os, mobili\u00e1rios e equipamentos urbanos, das edifica\u00e7\u00f5es, dos servi\u00e7os de transporte e dos dispositivos, sistemas e meios de comunica\u00e7\u00e3o e informa\u00e7\u00e3o, por pessoa com defici\u00eancia ou mobilidade reduzida. "}],"skos:narrower":["https:\/\/tematres.rodor.eti.br\/vocab\/skos\/33","https:\/\/tematres.rodor.eti.br\/vocab\/skos\/74","https:\/\/tematres.rodor.eti.br\/vocab\/skos\/70"]}