{"@context":{"dc":"http:\/\/purl.org\/dc\/elements\/1.1\/","skos":"http:\/\/www.w3.org\/2004\/02\/skos\/core#","skos:broader":{"@type":"@id"},"skos:inScheme":{"@type":"@id"},"skos:related":{"@type":"@id"},"skos:narrower":{"@type":"@id"},"skos:hasTopConcept":{"@type":"@id"},"skos:topConceptOf":{"@type":"@id"}},"@id":"https:\/\/tematres.rodor.eti.br\/vocab\/skos\/32","@type":"skos:Concept","skos:prefLabel":{"@language":"pt-BR","@value=":"Barreiras nas edifica\u00e7\u00f5es"},"skos:inScheme":"https:\/\/tematres.rodor.eti.br\/vocab\/","dct:created":"2026-08-28 11:46:40","skos:scopeNote":[{"@lang":"pt-BR","@value":"obst\u00e1culos existentes no entorno e interior das edifica\u00e7\u00f5es de uso p\u00fablico e coletivo e no entorno e nas \u00e1reas internas de uso comum nas edifica\u00e7\u00f5es de uso privado multifamiliar. "}],"skos:broader":["https:\/\/tematres.rodor.eti.br\/vocab\/skos\/29"]}