{"@context":{"dc":"http:\/\/purl.org\/dc\/elements\/1.1\/","skos":"http:\/\/www.w3.org\/2004\/02\/skos\/core#","skos:broader":{"@type":"@id"},"skos:inScheme":{"@type":"@id"},"skos:related":{"@type":"@id"},"skos:narrower":{"@type":"@id"},"skos:hasTopConcept":{"@type":"@id"},"skos:topConceptOf":{"@type":"@id"}},"@id":"https:\/\/tematres.rodor.eti.br\/vocab\/skos\/4","@type":"skos:Concept","skos:prefLabel":{"@language":"pt-BR","@value=":"Interpreta\u00e7\u00e3o de Libras"},"skos:inScheme":"https:\/\/tematres.rodor.eti.br\/vocab\/","dct:created":"2026-08-28 11:46:40","skos:scopeNote":[{"@lang":"pt-BR","@value":"\u00e9 a tradu\u00e7\u00e3o feita por tradutor-int\u00e9rprete de l\u00edngua de sinais (TILS), de conte\u00fados da L\u00edngua Brasileira de Sinais (Libras) para a l\u00edngua portuguesa e vice-versa, de forma simult\u00e2nea ou consecutiva, ao vivo ou ensaiada, gravada ou n\u00e3o, em qualquer modalidade em que estas se apresentem, seja na modalidade falada (oral-auditiva), sinalizada (visual-espacial) ou escrita, de modo a garantir acessibilidade de comunica\u00e7\u00e3o as pessoas com defici\u00eancia auditiva, que fazem uso da Libras. Este termo pode ser denominado \u201ctradu\u00e7\u00e3o de Libras\u201d. "}]}