{"@context":{"dc":"http:\/\/purl.org\/dc\/elements\/1.1\/","skos":"http:\/\/www.w3.org\/2004\/02\/skos\/core#","skos:broader":{"@type":"@id"},"skos:inScheme":{"@type":"@id"},"skos:related":{"@type":"@id"},"skos:narrower":{"@type":"@id"},"skos:hasTopConcept":{"@type":"@id"},"skos:topConceptOf":{"@type":"@id"}},"@id":"https:\/\/tematres.rodor.eti.br\/vocab\/skos\/41","@type":"skos:Concept","skos:prefLabel":{"@language":"pt-BR","@value=":"Selo de Empresa Inclusiva"},"skos:inScheme":"https:\/\/tematres.rodor.eti.br\/vocab\/","dct:created":"2026-08-28 11:46:40","skos:scopeNote":[{"@lang":"pt-BR","@value":"\u00e9 conferido a micro e pequenas empresas que det\u00eam iniciativas de favorecer a integra\u00e7\u00e3o e a melhoria da qualidade de vida dos funcion\u00e1rios e que se destacam na implementa\u00e7\u00e3o de a\u00e7\u00f5es de acessibilidade, inclus\u00e3o social e de empregabilidade de pessoas com defici\u00eancia e idosas para inser\u00e7\u00e3o no mercado de trabalho. "}]}