{"@context":{"dc":"http:\/\/purl.org\/dc\/elements\/1.1\/","skos":"http:\/\/www.w3.org\/2004\/02\/skos\/core#","skos:broader":{"@type":"@id"},"skos:inScheme":{"@type":"@id"},"skos:related":{"@type":"@id"},"skos:narrower":{"@type":"@id"},"skos:hasTopConcept":{"@type":"@id"},"skos:topConceptOf":{"@type":"@id"}},"@id":"https:\/\/tematres.rodor.eti.br\/vocab\/skos\/42","@type":"skos:Concept","skos:prefLabel":{"@language":"pt-BR","@value=":"Baixa vis\u00e3o"},"skos:inScheme":"https:\/\/tematres.rodor.eti.br\/vocab\/","dct:created":"2026-08-28 11:46:40","skos:scopeNote":[{"@lang":"pt-BR","@value":"denominada vis\u00e3o subnormal, \u00e9 uma perda de vis\u00e3o que n\u00e3o pode ser corrigida por \u00f3culos convencionais, lentes de contato, medica\u00e7\u00e3o ou cirurgia. Tamb\u00e9m pode ser descrita como qualquer grau de enfraquecimento visual que cause incapacidade funcional e diminua o desempenho visual. N\u00e3o se usa mais o termo vis\u00e3o subnormal. "}]}