{"@context":{"dc":"http:\/\/purl.org\/dc\/elements\/1.1\/","skos":"http:\/\/www.w3.org\/2004\/02\/skos\/core#","skos:broader":{"@type":"@id"},"skos:inScheme":{"@type":"@id"},"skos:related":{"@type":"@id"},"skos:narrower":{"@type":"@id"},"skos:hasTopConcept":{"@type":"@id"},"skos:topConceptOf":{"@type":"@id"}},"@id":"https:\/\/tematres.rodor.eti.br\/vocab\/skos\/43","@type":"skos:Concept","skos:prefLabel":{"@language":"pt-BR","@value=":"Defici\u00eancia visual"},"skos:inScheme":"https:\/\/tematres.rodor.eti.br\/vocab\/","dct:created":"2026-08-28 11:46:40","skos:scopeNote":[{"@lang":"pt-BR","@value":"perda ou redu\u00e7\u00e3o da capacidade visual, com car\u00e1ter definitivo, n\u00e3o sendo capaz de ser corrigida com o uso de lentes, tratamento cl\u00ednico ou cir\u00fargico. As limita\u00e7\u00f5es do campo visual abrangem a cegueira total e a baixa vis\u00e3o. "}],"skos:broader":["https:\/\/tematres.rodor.eti.br\/vocab\/skos\/19"],"skos:related":["https:\/\/tematres.rodor.eti.br\/vocab\/skos\/45","https:\/\/tematres.rodor.eti.br\/vocab\/skos\/7","https:\/\/tematres.rodor.eti.br\/vocab\/skos\/73","https:\/\/tematres.rodor.eti.br\/vocab\/skos\/69"]}