{"@context":{"dc":"http:\/\/purl.org\/dc\/elements\/1.1\/","skos":"http:\/\/www.w3.org\/2004\/02\/skos\/core#","skos:broader":{"@type":"@id"},"skos:inScheme":{"@type":"@id"},"skos:related":{"@type":"@id"},"skos:narrower":{"@type":"@id"},"skos:hasTopConcept":{"@type":"@id"},"skos:topConceptOf":{"@type":"@id"}},"@id":"https:\/\/tematres.rodor.eti.br\/vocab\/skos\/45","@type":"skos:Concept","skos:prefLabel":{"@language":"pt-BR","@value=":"Audiodescri\u00e7\u00e3o"},"skos:inScheme":"https:\/\/tematres.rodor.eti.br\/vocab\/","dct:created":"2026-08-28 11:46:40","skos:scopeNote":[{"@lang":"pt-BR","@value":"recurso de acessibilidade comunicacional destinado principalmente a pessoas com defici\u00eancia visual que consiste na tradu\u00e7\u00e3o de imagens em palavras por meio de t\u00e9cnicas e habilidades, aplicadas com o objetivo de proporcionar uma narra\u00e7\u00e3o descritiva em \u00e1udio ou na forma escrita, para amplia\u00e7\u00e3o da compreens\u00e3o de imagens est\u00e1ticas ou din\u00e2micas, textos e origem de sons n\u00e3o contextualizados, especialmente sem o uso da vis\u00e3o. "}],"skos:broader":["https:\/\/tematres.rodor.eti.br\/vocab\/skos\/6"]}