{"@context":{"dc":"http:\/\/purl.org\/dc\/elements\/1.1\/","skos":"http:\/\/www.w3.org\/2004\/02\/skos\/core#","skos:broader":{"@type":"@id"},"skos:inScheme":{"@type":"@id"},"skos:related":{"@type":"@id"},"skos:narrower":{"@type":"@id"},"skos:hasTopConcept":{"@type":"@id"},"skos:topConceptOf":{"@type":"@id"}},"@id":"https:\/\/tematres.rodor.eti.br\/vocab\/skos\/51","@type":"skos:Concept","skos:prefLabel":{"@language":"pt-BR","@value=":"Termo de Ajustamento de Conduta (TAC)"},"skos:inScheme":"https:\/\/tematres.rodor.eti.br\/vocab\/","dct:created":"2026-08-28 11:46:40","skos:scopeNote":[{"@lang":"pt-BR","@value":"\u00e9 um termo assinado entre o Minist\u00e9rio P\u00fablico (MP) e a entidade, visando a garantia dos direitos das pessoas com defici\u00eancia no transporte, na educa\u00e7\u00e3o, na sa\u00fade, no trabalho e nas edifica\u00e7\u00f5es de uso comum e p\u00fablico. Entretanto, em caso de descumprimento, a entidade dever\u00e1 pagar multa de por dia de atraso pelo acordo n\u00e3o cumprido. "}],"skos:altLabel":[{"language":"pt-BR","value":"TAC"}]}