{"@context":{"dc":"http:\/\/purl.org\/dc\/elements\/1.1\/","skos":"http:\/\/www.w3.org\/2004\/02\/skos\/core#","skos:broader":{"@type":"@id"},"skos:inScheme":{"@type":"@id"},"skos:related":{"@type":"@id"},"skos:narrower":{"@type":"@id"},"skos:hasTopConcept":{"@type":"@id"},"skos:topConceptOf":{"@type":"@id"}},"@id":"https:\/\/tematres.rodor.eti.br\/vocab\/skos\/56","@type":"skos:Concept","skos:prefLabel":{"@language":"pt-BR","@value=":"Adapta\u00e7\u00f5es razo\u00e1veis"},"skos:inScheme":"https:\/\/tematres.rodor.eti.br\/vocab\/","dct:created":"2026-08-28 11:46:40","skos:scopeNote":[{"@lang":"pt-BR","@value":"s\u00e3o modifica\u00e7\u00f5es ou ajustes necess\u00e1rios para que a pessoa com defici\u00eancia possa desfrutar de seus direitos em igualdade de condi\u00e7\u00f5es com as demais pessoas. "}]}