{"@context":{"dc":"http:\/\/purl.org\/dc\/elements\/1.1\/","skos":"http:\/\/www.w3.org\/2004\/02\/skos\/core#","skos:broader":{"@type":"@id"},"skos:inScheme":{"@type":"@id"},"skos:related":{"@type":"@id"},"skos:narrower":{"@type":"@id"},"skos:hasTopConcept":{"@type":"@id"},"skos:topConceptOf":{"@type":"@id"}},"@id":"https:\/\/tematres.rodor.eti.br\/vocab\/skos\/72","@type":"skos:Concept","skos:prefLabel":{"@language":"pt-BR","@value=":"C\u00e3o guia"},"skos:inScheme":"https:\/\/tematres.rodor.eti.br\/vocab\/","dct:created":"2026-08-28 11:46:40","skos:scopeNote":[{"@lang":"pt-BR","@value":"c\u00e3o treinado para guiar pessoas com alguma defici\u00eancia visual, especialmente pessoas parcial ou totalmente cegas. Sua perman\u00eancia em locais de uso p\u00fablico e privado \u00e9 assegurada pela Lei Federal n\u00ba 11.126\/2005 e o Decreto Federal n\u00ba 5.904\/06. "}]}