{"@context":{"dc":"http:\/\/purl.org\/dc\/elements\/1.1\/","skos":"http:\/\/www.w3.org\/2004\/02\/skos\/core#","skos:broader":{"@type":"@id"},"skos:inScheme":{"@type":"@id"},"skos:related":{"@type":"@id"},"skos:narrower":{"@type":"@id"},"skos:hasTopConcept":{"@type":"@id"},"skos:topConceptOf":{"@type":"@id"}},"@id":"https:\/\/tematres.rodor.eti.br\/vocab\/skos\/77","@type":"skos:Concept","skos:prefLabel":{"@language":"pt-BR","@value=":"Barreiras atitudinais"},"skos:inScheme":"https:\/\/tematres.rodor.eti.br\/vocab\/","dct:created":"2026-08-28 11:46:40","skos:scopeNote":[{"@lang":"pt-BR","@value":"preconceitos, estigmas, generaliza\u00e7\u00f5es e estere\u00f3tipos em rela\u00e7\u00e3o \u00e0s pessoas com defici\u00eancia. Tais barreiras refletem atitudes de inferioridade, pena, exalta\u00e7\u00e3o do hero\u00edsmo, ignor\u00e2ncia, desconhecimento ou medo. As barreiras atitudinais n\u00e3o s\u00e3o vis\u00edveis e, na maioria das vezes, s\u00e3o inconscientes e de dif\u00edcil reconhecimento, principalmente por parte de quem as pratica. "}],"skos:broader":["https:\/\/tematres.rodor.eti.br\/vocab\/skos\/29"]}