{"@context":{"dc":"http:\/\/purl.org\/dc\/elements\/1.1\/","skos":"http:\/\/www.w3.org\/2004\/02\/skos\/core#","skos:broader":{"@type":"@id"},"skos:inScheme":{"@type":"@id"},"skos:related":{"@type":"@id"},"skos:narrower":{"@type":"@id"},"skos:hasTopConcept":{"@type":"@id"},"skos:topConceptOf":{"@type":"@id"}},"@id":"https:\/\/tematres.rodor.eti.br\/vocab\/skos\/81","@type":"skos:Concept","skos:prefLabel":{"@language":"pt-BR","@value=":"Terminologia"},"skos:inScheme":"https:\/\/tematres.rodor.eti.br\/vocab\/","dct:created":"2026-08-28 11:46:40","skos:scopeNote":[{"@lang":"pt-BR","@value":"\u00e9 o termo oficial e correto que foi definido pela Conven\u00e7\u00e3o das Na\u00e7\u00f5es Unidas sobre o direito das pessoas com defici\u00eancia. A decis\u00e3o foi pautada em afastar termos pejorativos que possam ser utilizados para inferiorizar a pessoa com defici\u00eancia. "}]}